{"id":1473,"date":"2018-05-26T16:52:12","date_gmt":"2018-05-26T14:52:12","guid":{"rendered":"http:\/\/remisped.it\/?p=1473"},"modified":"2018-05-26T16:59:13","modified_gmt":"2018-05-26T14:59:13","slug":"union-feltre-remisped-lega-pro","status":"publish","type":"post","link":"https:\/\/www.remisped.it\/de\/union-feltre-remisped-lega-pro\/","title":{"rendered":"- copy- copy"},"content":{"rendered":"<p class=\"qtranxs-available-languages-message qtranxs-available-languages-message-de\">Leider ist der Eintrag nur auf <a href=\"https:\/\/www.remisped.it\/it\/wp-json\/wp\/v2\/posts\/1473\" class=\"qtranxs-available-language-link qtranxs-available-language-link-it\" title=\"Italiano\">Italiano<\/a> verf\u00fcgbar. Der Inhalt wird unten in einer verf\u00fcgbaren Sprache angezeigt. Klicken Sie auf den Link, um die aktuelle Sprache zu \u00e4ndern.<\/p><p>Union Feltre e Remisped cercano la Lega Pro<!--more--><\/p>\n<p class=\"p1\"><a href=\"https:\/\/www.unionfeltre.it\/\" target=\"_blank\" rel=\"noopener\"><span class=\"s1\">https:\/\/www.unionfeltre.it\/<\/span><\/a><\/p>\n<p>\n\t\t<style type=\"text\/css\">\n\t\t\t#gallery-1 {\n\t\t\t\tmargin: auto;\n\t\t\t}\n\t\t\t#gallery-1 .gallery-item {\n\t\t\t\tfloat: left;\n\t\t\t\tmargin-top: 10px;\n\t\t\t\ttext-align: center;\n\t\t\t\twidth: 25%;\n\t\t\t}\n\t\t\t#gallery-1 img {\n\t\t\t\tborder: 2px solid #cfcfcf;\n\t\t\t}\n\t\t\t#gallery-1 .gallery-caption {\n\t\t\t\tmargin-left: 0;\n\t\t\t}\n\t\t\t\/* see gallery_shortcode() in wp-includes\/media.php *\/\n\t\t<\/style>\n\t\t<div id='gallery-1' class='gallery galleryid-1473 gallery-columns-4 gallery-size-thumbnail'><dl class='gallery-item'>\n\t\t\t<dt class='gallery-icon landscape'>\n\t\t\t\t<a href='https:\/\/www.remisped.it\/de\/union-feltre-remisped-lega-pro\/union-feltre-1\/'><img loading=\"lazy\" decoding=\"async\" width=\"150\" height=\"150\" src=\"https:\/\/www.remisped.it\/wp-content\/uploads\/2018\/05\/union-feltre-1-150x150.jpg\" class=\"attachment-thumbnail size-thumbnail\" alt=\"\" srcset=\"https:\/\/www.remisped.it\/wp-content\/uploads\/2018\/05\/union-feltre-1-150x150.jpg 150w, https:\/\/www.remisped.it\/wp-content\/uploads\/2018\/05\/union-feltre-1-480x480.jpg 480w\" sizes=\"auto, (max-width: 150px) 100vw, 150px\" \/><\/a>\n\t\t\t<\/dt><\/dl><dl class='gallery-item'>\n\t\t\t<dt class='gallery-icon landscape'>\n\t\t\t\t<a href='https:\/\/www.remisped.it\/de\/union-feltre-remisped-lega-pro\/union-feltre-2\/'><img loading=\"lazy\" decoding=\"async\" width=\"150\" height=\"150\" src=\"https:\/\/www.remisped.it\/wp-content\/uploads\/2018\/05\/union-feltre-2-150x150.jpg\" class=\"attachment-thumbnail size-thumbnail\" alt=\"\" srcset=\"https:\/\/www.remisped.it\/wp-content\/uploads\/2018\/05\/union-feltre-2-150x150.jpg 150w, https:\/\/www.remisped.it\/wp-content\/uploads\/2018\/05\/union-feltre-2-480x480.jpg 480w\" sizes=\"auto, (max-width: 150px) 100vw, 150px\" \/><\/a>\n\t\t\t<\/dt><\/dl><dl class='gallery-item'>\n\t\t\t<dt class='gallery-icon landscape'>\n\t\t\t\t<a href='https:\/\/www.remisped.it\/de\/union-feltre-remisped-lega-pro\/union-feltre-3\/'><img loading=\"lazy\" decoding=\"async\" width=\"150\" height=\"150\" src=\"https:\/\/www.remisped.it\/wp-content\/uploads\/2018\/05\/union-feltre-3-150x150.jpg\" class=\"attachment-thumbnail size-thumbnail\" alt=\"\" srcset=\"https:\/\/www.remisped.it\/wp-content\/uploads\/2018\/05\/union-feltre-3-150x150.jpg 150w, https:\/\/www.remisped.it\/wp-content\/uploads\/2018\/05\/union-feltre-3-480x480.jpg 480w\" sizes=\"auto, (max-width: 150px) 100vw, 150px\" \/><\/a>\n\t\t\t<\/dt><\/dl><dl class='gallery-item'>\n\t\t\t<dt class='gallery-icon landscape'>\n\t\t\t\t<a href='https:\/\/www.remisped.it\/de\/union-feltre-remisped-lega-pro\/union-feltre-4\/'><img loading=\"lazy\" decoding=\"async\" width=\"150\" height=\"150\" src=\"https:\/\/www.remisped.it\/wp-content\/uploads\/2018\/05\/union-feltre-4-150x150.jpg\" class=\"attachment-thumbnail size-thumbnail\" alt=\"\" srcset=\"https:\/\/www.remisped.it\/wp-content\/uploads\/2018\/05\/union-feltre-4-150x150.jpg 150w, https:\/\/www.remisped.it\/wp-content\/uploads\/2018\/05\/union-feltre-4-480x480.jpg 480w\" sizes=\"auto, (max-width: 150px) 100vw, 150px\" \/><\/a>\n\t\t\t<\/dt><\/dl><br style=\"clear: both\" \/><dl class='gallery-item'>\n\t\t\t<dt class='gallery-icon landscape'>\n\t\t\t\t<a href='https:\/\/www.remisped.it\/de\/union-feltre-remisped-lega-pro\/union-feltre\/'><img loading=\"lazy\" decoding=\"async\" width=\"150\" height=\"150\" src=\"https:\/\/www.remisped.it\/wp-content\/uploads\/2018\/05\/union-feltre-150x150.jpg\" class=\"attachment-thumbnail size-thumbnail\" alt=\"\" srcset=\"https:\/\/www.remisped.it\/wp-content\/uploads\/2018\/05\/union-feltre-150x150.jpg 150w, https:\/\/www.remisped.it\/wp-content\/uploads\/2018\/05\/union-feltre-480x480.jpg 480w\" sizes=\"auto, (max-width: 150px) 100vw, 150px\" \/><\/a>\n\t\t\t<\/dt><\/dl>\n\t\t\t<br style='clear: both' \/>\n\t\t<\/div>\n<\/p>","protected":false},"excerpt":{"rendered":"<p>Leider ist der Eintrag nur auf Italiano verf\u00fcgbar. Der Inhalt wird unten in einer verf\u00fcgbaren Sprache angezeigt. Klicken Sie auf den Link, um die aktuelle Sprache zu \u00e4ndern.Union Feltre e [&hellip;]<\/p>\n","protected":false},"author":1,"featured_media":1481,"comment_status":"open","ping_status":"open","sticky":false,"template":"","format":"standard","meta":{"_monsterinsights_skip_tracking":false,"_monsterinsights_sitenote_active":false,"_monsterinsights_sitenote_note":"","_monsterinsights_sitenote_category":0,"footnotes":""},"categories":[44],"tags":[],"class_list":["post-1473","post","type-post","status-publish","format-standard","has-post-thumbnail","hentry","category-news","cat-44-id","has_thumb"],"yoast_head":"<!-- This site is optimized with the Yoast SEO plugin v26.4 - https:\/\/yoast.com\/wordpress\/plugins\/seo\/ -->\n<title>- copy- copy - Remisped Srl<\/title>\n<meta name=\"robots\" content=\"index, follow, max-snippet:-1, max-image-preview:large, max-video-preview:-1\" \/>\n<link rel=\"canonical\" href=\"https:\/\/www.remisped.it\/union-feltre-remisped-lega-pro\/\" \/>\n<meta property=\"og:locale\" content=\"de_DE\" \/>\n<meta property=\"og:type\" content=\"article\" \/>\n<meta property=\"og:title\" content=\"[:it]Union Feltre e Remisped cercano la Lega Pro[:en]- copy- copy[:de]- copy- copy[:] - Remisped Srl\" \/>\n<meta property=\"og:description\" content=\"Leider ist der Eintrag nur auf Italiano verf\u00fcgbar. Der Inhalt wird unten in einer verf\u00fcgbaren Sprache angezeigt. Klicken Sie auf den Link, um die aktuelle Sprache zu \u00e4ndern.Union Feltre e [&hellip;]\" \/>\n<meta property=\"og:url\" content=\"https:\/\/www.remisped.it\/union-feltre-remisped-lega-pro\/\" \/>\n<meta property=\"og:site_name\" content=\"Remisped Srl\" \/>\n<meta property=\"article:published_time\" content=\"2018-05-26T14:52:12+00:00\" \/>\n<meta property=\"article:modified_time\" content=\"2018-05-26T14:59:13+00:00\" \/>\n<meta property=\"og:image\" content=\"https:\/\/www.remisped.it\/wp-content\/uploads\/2018\/05\/union-feltre-2.jpg\" \/>\n\t<meta property=\"og:image:width\" content=\"900\" \/>\n\t<meta property=\"og:image:height\" content=\"600\" \/>\n\t<meta property=\"og:image:type\" content=\"image\/jpeg\" \/>\n<meta name=\"author\" content=\"admin\" \/>\n<meta name=\"twitter:label1\" content=\"Verfasst von\" \/>\n\t<meta name=\"twitter:data1\" content=\"admin\" \/>\n<script type=\"application\/ld+json\" class=\"yoast-schema-graph\">{\"@context\":\"https:\/\/schema.org\",\"@graph\":[{\"@type\":\"WebPage\",\"@id\":\"https:\/\/www.remisped.it\/union-feltre-remisped-lega-pro\/\",\"url\":\"https:\/\/www.remisped.it\/union-feltre-remisped-lega-pro\/\",\"name\":\"[:it]Union Feltre e Remisped cercano la Lega Pro[:en]- copy- copy[:de]- copy- copy[:] - Remisped Srl\",\"isPartOf\":{\"@id\":\"https:\/\/www.remisped.it\/#website\"},\"primaryImageOfPage\":{\"@id\":\"https:\/\/www.remisped.it\/union-feltre-remisped-lega-pro\/#primaryimage\"},\"image\":{\"@id\":\"https:\/\/www.remisped.it\/union-feltre-remisped-lega-pro\/#primaryimage\"},\"thumbnailUrl\":\"https:\/\/www.remisped.it\/wp-content\/uploads\/2018\/05\/union-feltre-2.jpg\",\"datePublished\":\"2018-05-26T14:52:12+00:00\",\"dateModified\":\"2018-05-26T14:59:13+00:00\",\"author\":{\"@id\":\"https:\/\/www.remisped.it\/#\/schema\/person\/fe3b58eabb9b843dd31de5a826512f6c\"},\"breadcrumb\":{\"@id\":\"https:\/\/www.remisped.it\/union-feltre-remisped-lega-pro\/#breadcrumb\"},\"inLanguage\":\"de\",\"potentialAction\":[{\"@type\":\"ReadAction\",\"target\":[\"https:\/\/www.remisped.it\/union-feltre-remisped-lega-pro\/\"]}]},{\"@type\":\"ImageObject\",\"inLanguage\":\"de\",\"@id\":\"https:\/\/www.remisped.it\/union-feltre-remisped-lega-pro\/#primaryimage\",\"url\":\"https:\/\/www.remisped.it\/wp-content\/uploads\/2018\/05\/union-feltre-2.jpg\",\"contentUrl\":\"https:\/\/www.remisped.it\/wp-content\/uploads\/2018\/05\/union-feltre-2.jpg\",\"width\":\"900\",\"height\":\"600\"},{\"@type\":\"BreadcrumbList\",\"@id\":\"https:\/\/www.remisped.it\/union-feltre-remisped-lega-pro\/#breadcrumb\",\"itemListElement\":[{\"@type\":\"ListItem\",\"position\":1,\"name\":\"Home\",\"item\":\"https:\/\/www.remisped.it\/\"},{\"@type\":\"ListItem\",\"position\":2,\"name\":\"Union Feltre e Remisped cercano la Lega Pro\"}]},{\"@type\":\"WebSite\",\"@id\":\"https:\/\/www.remisped.it\/#website\",\"url\":\"https:\/\/www.remisped.it\/\",\"name\":\"Remisped Srl\",\"description\":\"Servizio di logistica a Pordenone\",\"potentialAction\":[{\"@type\":\"SearchAction\",\"target\":{\"@type\":\"EntryPoint\",\"urlTemplate\":\"https:\/\/www.remisped.it\/?s={search_term_string}\"},\"query-input\":{\"@type\":\"PropertyValueSpecification\",\"valueRequired\":true,\"valueName\":\"search_term_string\"}}],\"inLanguage\":\"de\"},{\"@type\":\"Person\",\"@id\":\"https:\/\/www.remisped.it\/#\/schema\/person\/fe3b58eabb9b843dd31de5a826512f6c\",\"name\":\"admin\",\"image\":{\"@type\":\"ImageObject\",\"inLanguage\":\"de\",\"@id\":\"https:\/\/www.remisped.it\/#\/schema\/person\/image\/\",\"url\":\"https:\/\/secure.gravatar.com\/avatar\/6396be920c9ba2993e8f910f03dcfb48582f161232810f516cdb755a0be0ada5?s=96&d=mm&r=g\",\"contentUrl\":\"https:\/\/secure.gravatar.com\/avatar\/6396be920c9ba2993e8f910f03dcfb48582f161232810f516cdb755a0be0ada5?s=96&d=mm&r=g\",\"caption\":\"admin\"},\"url\":\"https:\/\/www.remisped.it\/de\/author\/servizi-di-logistica-a-pordenone\/\"}]}<\/script>\n<!-- \/ Yoast SEO plugin. -->","yoast_head_json":{"title":"[:it]Union Feltre e Remisped cercano la Lega Pro[:en]- copy- copy[:de]- copy- copy[:] - Remisped Srl","robots":{"index":"index","follow":"follow","max-snippet":"max-snippet:-1","max-image-preview":"max-image-preview:large","max-video-preview":"max-video-preview:-1"},"canonical":"https:\/\/www.remisped.it\/union-feltre-remisped-lega-pro\/","og_locale":"de_DE","og_type":"article","og_title":"[:it]Union Feltre e Remisped cercano la Lega Pro[:en]- copy- copy[:de]- copy- copy[:] - Remisped Srl","og_description":"Leider ist der Eintrag nur auf Italiano verf\u00fcgbar. Der Inhalt wird unten in einer verf\u00fcgbaren Sprache angezeigt. Klicken Sie auf den Link, um die aktuelle Sprache zu \u00e4ndern.Union Feltre e [&hellip;]","og_url":"https:\/\/www.remisped.it\/union-feltre-remisped-lega-pro\/","og_site_name":"Remisped Srl","article_published_time":"2018-05-26T14:52:12+00:00","article_modified_time":"2018-05-26T14:59:13+00:00","og_image":[{"width":900,"height":600,"url":"https:\/\/www.remisped.it\/wp-content\/uploads\/2018\/05\/union-feltre-2.jpg","type":"image\/jpeg"}],"author":"admin","twitter_misc":{"Verfasst von":"admin"},"schema":{"@context":"https:\/\/schema.org","@graph":[{"@type":"WebPage","@id":"https:\/\/www.remisped.it\/union-feltre-remisped-lega-pro\/","url":"https:\/\/www.remisped.it\/union-feltre-remisped-lega-pro\/","name":"[:it]Union Feltre e Remisped cercano la Lega Pro[:en]- copy- copy[:de]- copy- copy[:] - Remisped Srl","isPartOf":{"@id":"https:\/\/www.remisped.it\/#website"},"primaryImageOfPage":{"@id":"https:\/\/www.remisped.it\/union-feltre-remisped-lega-pro\/#primaryimage"},"image":{"@id":"https:\/\/www.remisped.it\/union-feltre-remisped-lega-pro\/#primaryimage"},"thumbnailUrl":"https:\/\/www.remisped.it\/wp-content\/uploads\/2018\/05\/union-feltre-2.jpg","datePublished":"2018-05-26T14:52:12+00:00","dateModified":"2018-05-26T14:59:13+00:00","author":{"@id":"https:\/\/www.remisped.it\/#\/schema\/person\/fe3b58eabb9b843dd31de5a826512f6c"},"breadcrumb":{"@id":"https:\/\/www.remisped.it\/union-feltre-remisped-lega-pro\/#breadcrumb"},"inLanguage":"de","potentialAction":[{"@type":"ReadAction","target":["https:\/\/www.remisped.it\/union-feltre-remisped-lega-pro\/"]}]},{"@type":"ImageObject","inLanguage":"de","@id":"https:\/\/www.remisped.it\/union-feltre-remisped-lega-pro\/#primaryimage","url":"https:\/\/www.remisped.it\/wp-content\/uploads\/2018\/05\/union-feltre-2.jpg","contentUrl":"https:\/\/www.remisped.it\/wp-content\/uploads\/2018\/05\/union-feltre-2.jpg","width":"900","height":"600"},{"@type":"BreadcrumbList","@id":"https:\/\/www.remisped.it\/union-feltre-remisped-lega-pro\/#breadcrumb","itemListElement":[{"@type":"ListItem","position":1,"name":"Home","item":"https:\/\/www.remisped.it\/"},{"@type":"ListItem","position":2,"name":"Union Feltre e Remisped cercano la Lega Pro"}]},{"@type":"WebSite","@id":"https:\/\/www.remisped.it\/#website","url":"https:\/\/www.remisped.it\/","name":"Remisped Srl","description":"Servizio di logistica a Pordenone","potentialAction":[{"@type":"SearchAction","target":{"@type":"EntryPoint","urlTemplate":"https:\/\/www.remisped.it\/?s={search_term_string}"},"query-input":{"@type":"PropertyValueSpecification","valueRequired":true,"valueName":"search_term_string"}}],"inLanguage":"de"},{"@type":"Person","@id":"https:\/\/www.remisped.it\/#\/schema\/person\/fe3b58eabb9b843dd31de5a826512f6c","name":"admin","image":{"@type":"ImageObject","inLanguage":"de","@id":"https:\/\/www.remisped.it\/#\/schema\/person\/image\/","url":"https:\/\/secure.gravatar.com\/avatar\/6396be920c9ba2993e8f910f03dcfb48582f161232810f516cdb755a0be0ada5?s=96&d=mm&r=g","contentUrl":"https:\/\/secure.gravatar.com\/avatar\/6396be920c9ba2993e8f910f03dcfb48582f161232810f516cdb755a0be0ada5?s=96&d=mm&r=g","caption":"admin"},"url":"https:\/\/www.remisped.it\/de\/author\/servizi-di-logistica-a-pordenone\/"}]}},"_links":{"self":[{"href":"https:\/\/www.remisped.it\/de\/wp-json\/wp\/v2\/posts\/1473","targetHints":{"allow":["GET"]}}],"collection":[{"href":"https:\/\/www.remisped.it\/de\/wp-json\/wp\/v2\/posts"}],"about":[{"href":"https:\/\/www.remisped.it\/de\/wp-json\/wp\/v2\/types\/post"}],"author":[{"embeddable":true,"href":"https:\/\/www.remisped.it\/de\/wp-json\/wp\/v2\/users\/1"}],"replies":[{"embeddable":true,"href":"https:\/\/www.remisped.it\/de\/wp-json\/wp\/v2\/comments?post=1473"}],"version-history":[{"count":2,"href":"https:\/\/www.remisped.it\/de\/wp-json\/wp\/v2\/posts\/1473\/revisions"}],"predecessor-version":[{"id":1485,"href":"https:\/\/www.remisped.it\/de\/wp-json\/wp\/v2\/posts\/1473\/revisions\/1485"}],"wp:featuredmedia":[{"embeddable":true,"href":"https:\/\/www.remisped.it\/de\/wp-json\/wp\/v2\/media\/1481"}],"wp:attachment":[{"href":"https:\/\/www.remisped.it\/de\/wp-json\/wp\/v2\/media?parent=1473"}],"wp:term":[{"taxonomy":"category","embeddable":true,"href":"https:\/\/www.remisped.it\/de\/wp-json\/wp\/v2\/categories?post=1473"},{"taxonomy":"post_tag","embeddable":true,"href":"https:\/\/www.remisped.it\/de\/wp-json\/wp\/v2\/tags?post=1473"}],"curies":[{"name":"wp","href":"https:\/\/api.w.org\/{rel}","templated":true}]}}